{"id":16851,"date":"2025-10-22T16:46:05","date_gmt":"2025-10-22T20:46:05","guid":{"rendered":"https:\/\/ccna-ccnv.ca\/ccna_news\/ccna-annual-conference-2025-trainee-poster-award-winners\/"},"modified":"2025-10-23T01:51:16","modified_gmt":"2025-10-23T05:51:16","slug":"ccnv-conference-annuelle-2025-gagnants","status":"publish","type":"ccna_news","link":"https:\/\/ccna-ccnv.ca\/fr\/ccna_nouvelle\/ccnv-conference-annuelle-2025-gagnants\/","title":{"rendered":"La conf\u00e9rence annuelle du CCNV &#8211;  gagnants du prix de l&rsquo;affiche des stagiaires"},"content":{"rendered":"<p>La conf\u00e9rence annuelle du CCNV comprenait un concours de pr\u00e9sentations par affiche pour les stagiaires et la premi\u00e8re \u00e9dition du prix Participation des personnes touch\u00e9es par un trouble neurocognitif du CCNV (EPLED) Wayne Hykaway.<\/p>\n<p>F\u00e9licitations \u00e0 tous les gagnants pour leur travail exceptionnel !<\/p>\n<p><strong>Cat\u00e9gorie premier cycle:<\/strong><\/p>\n<p><strong>Teresa M\u00f6hringer<\/strong> &#8211; <em>D\u00e9pistage sans d\u00e9ficience? \u00c9valuation de l\u2019alt\u00e9ration de la m\u00e9moire dans le diagnostic du TCL<\/em><\/p>\n<p><strong>Cat\u00e9gorie ma\u00eetrise:<\/strong><\/p>\n<p><strong>Shreeyaa Ramana<\/strong> &#8211; <em>Entre la vuln\u00e9rabilit\u00e9 et la r\u00e9silience : \u00c9tude qualitative de l\u2019exp\u00e9rience v\u00e9cue des jeunes aidants dont la famille est atteinte d\u2019affections neurologiques<\/em><\/p>\n<p><strong>Cat\u00e9gorie doctoral (\u00e9galit\u00e9): <\/strong><\/p>\n<p><strong>Lucy Muir<\/strong> &#8211; <em>Estrog\u00e8nes et cognition : Exp\u00e9riences qualitatives de d\u00e9clin cognitive subjectif chez les femmes ayant subi une ablation ovarienne t\u00f4t dans la vie<\/em><\/p>\n<p><strong>Matthew Mandrozos<\/strong> &#8211; <em>D\u00e9veloppement d\u2019un mod\u00e8le animal pour la maladie d\u2019Alzheimer avec corps de Lewy utilisant le mod\u00e8le du rat Fischer TG344-AD<\/em><\/p>\n<p><strong>Cat\u00e9gorie postdoctoral: <\/strong><\/p>\n<p><strong>Caroline Duchaine<\/strong> &#8211; <em>Les profils de facteurs de risques, les changements dans les facteurs de risques et la fonction cognitive sur une p\u00e9riode de 12 mois : \u00c9tude du Programme de soutien de la sant\u00e9 du cerveau de la plateforme CANTHUMBS UP<\/em><\/p>\n<p><strong>Prix EPLED Wayne Hykaway<\/strong>:<\/p>\n<p><strong>Shreeyaa Ramana<\/strong> &#8211; <em>Entre la vuln\u00e9rabilit\u00e9 et la r\u00e9silience : \u00c9tude qualitative de l\u2019exp\u00e9rience v\u00e9cue des jeunes aidants dont la famille est atteinte d\u2019affections neurologiques<\/em><\/p>\n","protected":false},"excerpt":{"rendered":"<p>La conf\u00e9rence annuelle du CCNV comprenait un concours de pr\u00e9sentations &#8230;<\/p>\n","protected":false},"author":12,"featured_media":16891,"template":"","meta":{"_acf_changed":false},"categories":[80],"class_list":["post-16851","ccna_news","type-ccna_news","status-publish","has-post-thumbnail","hentry","category-annonces"],"acf":[],"yoast_head":"<!-- This site is optimized with the Yoast SEO plugin v25.8 - https:\/\/yoast.com\/wordpress\/plugins\/seo\/ -->\n<title>La conf\u00e9rence annuelle du CCNV - gagnants du prix de l&#039;affiche des stagiaires - CCNA - CCNV<\/title>\n<meta name=\"robots\" content=\"index, follow, max-snippet:-1, max-image-preview:large, max-video-preview:-1\" \/>\n<link rel=\"canonical\" href=\"https:\/\/ccna-ccnv.ca\/fr\/ccna_nouvelle\/ccnv-conference-annuelle-2025-gagnants\/\" \/>\n<meta property=\"og:locale\" content=\"fr_CA\" \/>\n<meta property=\"og:type\" content=\"article\" \/>\n<meta property=\"og:title\" content=\"La conf\u00e9rence annuelle du CCNV - gagnants du prix de l&#039;affiche des stagiaires - CCNA - CCNV\" \/>\n<meta property=\"og:description\" content=\"La conf\u00e9rence annuelle du CCNV comprenait un concours de pr\u00e9sentations ...\" \/>\n<meta property=\"og:url\" content=\"https:\/\/ccna-ccnv.ca\/fr\/ccna_nouvelle\/ccnv-conference-annuelle-2025-gagnants\/\" \/>\n<meta property=\"og:site_name\" content=\"CCNA - CCNV\" \/>\n<meta property=\"article:modified_time\" content=\"2025-10-23T05:51:16+00:00\" \/>\n<meta property=\"og:image\" content=\"https:\/\/ccna-ccnv.ca\/wp-content\/uploads\/2025\/10\/Trainee-poster-winners-2025-1.png\" \/>\n\t<meta property=\"og:image:width\" content=\"1052\" \/>\n\t<meta property=\"og:image:height\" content=\"708\" \/>\n\t<meta property=\"og:image:type\" content=\"image\/png\" \/>\n<meta name=\"twitter:card\" content=\"summary_large_image\" \/>\n<meta name=\"twitter:label1\" content=\"Estimation du temps de lecture\" \/>\n\t<meta name=\"twitter:data1\" content=\"2 minutes\" \/>\n<script type=\"application\/ld+json\" class=\"yoast-schema-graph\">{\"@context\":\"https:\/\/schema.org\",\"@graph\":[{\"@type\":\"WebPage\",\"@id\":\"https:\/\/ccna-ccnv.ca\/fr\/ccna_nouvelle\/ccnv-conference-annuelle-2025-gagnants\/\",\"url\":\"https:\/\/ccna-ccnv.ca\/fr\/ccna_nouvelle\/ccnv-conference-annuelle-2025-gagnants\/\",\"name\":\"La conf\u00e9rence annuelle du CCNV - gagnants du prix de l'affiche des stagiaires - CCNA - CCNV\",\"isPartOf\":{\"@id\":\"https:\/\/ccna-ccnv.ca\/fr\/#website\"},\"primaryImageOfPage\":{\"@id\":\"https:\/\/ccna-ccnv.ca\/fr\/ccna_nouvelle\/ccnv-conference-annuelle-2025-gagnants\/#primaryimage\"},\"image\":{\"@id\":\"https:\/\/ccna-ccnv.ca\/fr\/ccna_nouvelle\/ccnv-conference-annuelle-2025-gagnants\/#primaryimage\"},\"thumbnailUrl\":\"https:\/\/ccna-ccnv.ca\/wp-content\/uploads\/2025\/10\/Trainee-poster-winners-2025-1.png\",\"datePublished\":\"2025-10-22T20:46:05+00:00\",\"dateModified\":\"2025-10-23T05:51:16+00:00\",\"breadcrumb\":{\"@id\":\"https:\/\/ccna-ccnv.ca\/fr\/ccna_nouvelle\/ccnv-conference-annuelle-2025-gagnants\/#breadcrumb\"},\"inLanguage\":\"fr-CA\",\"potentialAction\":[{\"@type\":\"ReadAction\",\"target\":[\"https:\/\/ccna-ccnv.ca\/fr\/ccna_nouvelle\/ccnv-conference-annuelle-2025-gagnants\/\"]}]},{\"@type\":\"ImageObject\",\"inLanguage\":\"fr-CA\",\"@id\":\"https:\/\/ccna-ccnv.ca\/fr\/ccna_nouvelle\/ccnv-conference-annuelle-2025-gagnants\/#primaryimage\",\"url\":\"https:\/\/ccna-ccnv.ca\/wp-content\/uploads\/2025\/10\/Trainee-poster-winners-2025-1.png\",\"contentUrl\":\"https:\/\/ccna-ccnv.ca\/wp-content\/uploads\/2025\/10\/Trainee-poster-winners-2025-1.png\",\"width\":1052,\"height\":708,\"caption\":\"En haut \u00e0 gauche, en haut \u00e0 droite, en bas \u00e0 gauche : Drs Howard Chertkow et Manuel Montero-Odasso pr\u00e9sentent les prix \u00e0 Teresa M\u00f6hringer, Shreeyaa Ramana, et Lucy Muir. En bas \u00e0 droite: Tanis Hykaway et Laurie Hykaway Opitz pr\u00e9sentent le Prix EPLED Wayne Hykaway \u00e0 Shreeyaa Ramana.\"},{\"@type\":\"BreadcrumbList\",\"@id\":\"https:\/\/ccna-ccnv.ca\/fr\/ccna_nouvelle\/ccnv-conference-annuelle-2025-gagnants\/#breadcrumb\",\"itemListElement\":[{\"@type\":\"ListItem\",\"position\":1,\"name\":\"Home\",\"item\":\"https:\/\/ccna-ccnv.ca\/fr\/\"},{\"@type\":\"ListItem\",\"position\":2,\"name\":\"La conf\u00e9rence annuelle du CCNV &#8211; gagnants du prix de l&#8217;affiche des stagiaires\"}]},{\"@type\":\"WebSite\",\"@id\":\"https:\/\/ccna-ccnv.ca\/fr\/#website\",\"url\":\"https:\/\/ccna-ccnv.ca\/fr\/\",\"name\":\"Canadian Consortium on Neurodegeneration in Aging\",\"description\":\"\",\"publisher\":{\"@id\":\"https:\/\/ccna-ccnv.ca\/fr\/#organization\"},\"alternateName\":\"CCNA - CCNV\",\"potentialAction\":[{\"@type\":\"SearchAction\",\"target\":{\"@type\":\"EntryPoint\",\"urlTemplate\":\"https:\/\/ccna-ccnv.ca\/fr\/?s={search_term_string}\"},\"query-input\":{\"@type\":\"PropertyValueSpecification\",\"valueRequired\":true,\"valueName\":\"search_term_string\"}}],\"inLanguage\":\"fr-CA\"},{\"@type\":\"Organization\",\"@id\":\"https:\/\/ccna-ccnv.ca\/fr\/#organization\",\"name\":\"Canadian Consortium on Neurodegeneration in Aging\",\"alternateName\":\"CCNA - CCNV\",\"url\":\"https:\/\/ccna-ccnv.ca\/fr\/\",\"logo\":{\"@type\":\"ImageObject\",\"inLanguage\":\"fr-CA\",\"@id\":\"https:\/\/ccna-ccnv.ca\/fr\/#\/schema\/logo\/image\/\",\"url\":\"https:\/\/ccna-ccnv.ca\/wp-content\/uploads\/2025\/01\/ccna-logo-on-white-background.jpg\",\"contentUrl\":\"https:\/\/ccna-ccnv.ca\/wp-content\/uploads\/2025\/01\/ccna-logo-on-white-background.jpg\",\"width\":696,\"height\":696,\"caption\":\"Canadian Consortium on Neurodegeneration in Aging\"},\"image\":{\"@id\":\"https:\/\/ccna-ccnv.ca\/fr\/#\/schema\/logo\/image\/\"}}]}<\/script>\n<!-- \/ Yoast SEO plugin. -->","yoast_head_json":{"title":"La conf\u00e9rence annuelle du CCNV - gagnants du prix de l'affiche des stagiaires - CCNA - CCNV","robots":{"index":"index","follow":"follow","max-snippet":"max-snippet:-1","max-image-preview":"max-image-preview:large","max-video-preview":"max-video-preview:-1"},"canonical":"https:\/\/ccna-ccnv.ca\/fr\/ccna_nouvelle\/ccnv-conference-annuelle-2025-gagnants\/","og_locale":"fr_CA","og_type":"article","og_title":"La conf\u00e9rence annuelle du CCNV - gagnants du prix de l'affiche des stagiaires - CCNA - CCNV","og_description":"La conf\u00e9rence annuelle du CCNV comprenait un concours de pr\u00e9sentations ...","og_url":"https:\/\/ccna-ccnv.ca\/fr\/ccna_nouvelle\/ccnv-conference-annuelle-2025-gagnants\/","og_site_name":"CCNA - CCNV","article_modified_time":"2025-10-23T05:51:16+00:00","og_image":[{"width":1052,"height":708,"url":"https:\/\/ccna-ccnv.ca\/wp-content\/uploads\/2025\/10\/Trainee-poster-winners-2025-1.png","type":"image\/png"}],"twitter_card":"summary_large_image","twitter_misc":{"Estimation du temps de lecture":"2 minutes"},"schema":{"@context":"https:\/\/schema.org","@graph":[{"@type":"WebPage","@id":"https:\/\/ccna-ccnv.ca\/fr\/ccna_nouvelle\/ccnv-conference-annuelle-2025-gagnants\/","url":"https:\/\/ccna-ccnv.ca\/fr\/ccna_nouvelle\/ccnv-conference-annuelle-2025-gagnants\/","name":"La conf\u00e9rence annuelle du CCNV - gagnants du prix de l'affiche des stagiaires - CCNA - CCNV","isPartOf":{"@id":"https:\/\/ccna-ccnv.ca\/fr\/#website"},"primaryImageOfPage":{"@id":"https:\/\/ccna-ccnv.ca\/fr\/ccna_nouvelle\/ccnv-conference-annuelle-2025-gagnants\/#primaryimage"},"image":{"@id":"https:\/\/ccna-ccnv.ca\/fr\/ccna_nouvelle\/ccnv-conference-annuelle-2025-gagnants\/#primaryimage"},"thumbnailUrl":"https:\/\/ccna-ccnv.ca\/wp-content\/uploads\/2025\/10\/Trainee-poster-winners-2025-1.png","datePublished":"2025-10-22T20:46:05+00:00","dateModified":"2025-10-23T05:51:16+00:00","breadcrumb":{"@id":"https:\/\/ccna-ccnv.ca\/fr\/ccna_nouvelle\/ccnv-conference-annuelle-2025-gagnants\/#breadcrumb"},"inLanguage":"fr-CA","potentialAction":[{"@type":"ReadAction","target":["https:\/\/ccna-ccnv.ca\/fr\/ccna_nouvelle\/ccnv-conference-annuelle-2025-gagnants\/"]}]},{"@type":"ImageObject","inLanguage":"fr-CA","@id":"https:\/\/ccna-ccnv.ca\/fr\/ccna_nouvelle\/ccnv-conference-annuelle-2025-gagnants\/#primaryimage","url":"https:\/\/ccna-ccnv.ca\/wp-content\/uploads\/2025\/10\/Trainee-poster-winners-2025-1.png","contentUrl":"https:\/\/ccna-ccnv.ca\/wp-content\/uploads\/2025\/10\/Trainee-poster-winners-2025-1.png","width":1052,"height":708,"caption":"En haut \u00e0 gauche, en haut \u00e0 droite, en bas \u00e0 gauche : Drs Howard Chertkow et Manuel Montero-Odasso pr\u00e9sentent les prix \u00e0 Teresa M\u00f6hringer, Shreeyaa Ramana, et Lucy Muir. En bas \u00e0 droite: Tanis Hykaway et Laurie Hykaway Opitz pr\u00e9sentent le Prix EPLED Wayne Hykaway \u00e0 Shreeyaa Ramana."},{"@type":"BreadcrumbList","@id":"https:\/\/ccna-ccnv.ca\/fr\/ccna_nouvelle\/ccnv-conference-annuelle-2025-gagnants\/#breadcrumb","itemListElement":[{"@type":"ListItem","position":1,"name":"Home","item":"https:\/\/ccna-ccnv.ca\/fr\/"},{"@type":"ListItem","position":2,"name":"La conf\u00e9rence annuelle du CCNV &#8211; gagnants du prix de l&#8217;affiche des stagiaires"}]},{"@type":"WebSite","@id":"https:\/\/ccna-ccnv.ca\/fr\/#website","url":"https:\/\/ccna-ccnv.ca\/fr\/","name":"Canadian Consortium on Neurodegeneration in Aging","description":"","publisher":{"@id":"https:\/\/ccna-ccnv.ca\/fr\/#organization"},"alternateName":"CCNA - CCNV","potentialAction":[{"@type":"SearchAction","target":{"@type":"EntryPoint","urlTemplate":"https:\/\/ccna-ccnv.ca\/fr\/?s={search_term_string}"},"query-input":{"@type":"PropertyValueSpecification","valueRequired":true,"valueName":"search_term_string"}}],"inLanguage":"fr-CA"},{"@type":"Organization","@id":"https:\/\/ccna-ccnv.ca\/fr\/#organization","name":"Canadian Consortium on Neurodegeneration in Aging","alternateName":"CCNA - CCNV","url":"https:\/\/ccna-ccnv.ca\/fr\/","logo":{"@type":"ImageObject","inLanguage":"fr-CA","@id":"https:\/\/ccna-ccnv.ca\/fr\/#\/schema\/logo\/image\/","url":"https:\/\/ccna-ccnv.ca\/wp-content\/uploads\/2025\/01\/ccna-logo-on-white-background.jpg","contentUrl":"https:\/\/ccna-ccnv.ca\/wp-content\/uploads\/2025\/01\/ccna-logo-on-white-background.jpg","width":696,"height":696,"caption":"Canadian Consortium on Neurodegeneration in Aging"},"image":{"@id":"https:\/\/ccna-ccnv.ca\/fr\/#\/schema\/logo\/image\/"}}]}},"_links":{"self":[{"href":"https:\/\/ccna-ccnv.ca\/fr\/wp-json\/wp\/v2\/ccna_news\/16851","targetHints":{"allow":["GET"]}}],"collection":[{"href":"https:\/\/ccna-ccnv.ca\/fr\/wp-json\/wp\/v2\/ccna_news"}],"about":[{"href":"https:\/\/ccna-ccnv.ca\/fr\/wp-json\/wp\/v2\/types\/ccna_news"}],"author":[{"embeddable":true,"href":"https:\/\/ccna-ccnv.ca\/fr\/wp-json\/wp\/v2\/users\/12"}],"wp:featuredmedia":[{"embeddable":true,"href":"https:\/\/ccna-ccnv.ca\/fr\/wp-json\/wp\/v2\/media\/16891"}],"wp:attachment":[{"href":"https:\/\/ccna-ccnv.ca\/fr\/wp-json\/wp\/v2\/media?parent=16851"}],"wp:term":[{"taxonomy":"category","embeddable":true,"href":"https:\/\/ccna-ccnv.ca\/fr\/wp-json\/wp\/v2\/categories?post=16851"}],"curies":[{"name":"wp","href":"https:\/\/api.w.org\/{rel}","templated":true}]}}