{"id":17728,"date":"2026-01-30T15:36:35","date_gmt":"2026-01-30T20:36:35","guid":{"rendered":"https:\/\/ccna-ccnv.ca\/ccna_news\/search-for-ccna-theme-1-and-3-co-leads\/"},"modified":"2026-02-24T13:15:02","modified_gmt":"2026-02-24T18:15:02","slug":"recherche-de-coresponsables-pour-les-themes-1-et-3-du-ccnv","status":"publish","type":"ccna_news","link":"https:\/\/ccna-ccnv.ca\/fr\/ccna_nouvelle\/recherche-de-coresponsables-pour-les-themes-1-et-3-du-ccnv\/","title":{"rendered":"Recherche de coresponsables pour les th\u00e8mes 1 et 3 du CCNV"},"content":{"rendered":"<p>Depuis le d\u00e9but de la phase III, le th\u00e8me 1 du CCNV (Pr\u00e9vention primaire) et le th\u00e8me 3 (Qualit\u00e9 de vie) ont \u00e9t\u00e9 men\u00e9s avec brio par JoAnne McLaurin (Ph. D.) et Melissa Andrew (Ph. D.) respectivement. Pour compl\u00e9menter l\u2019expertise de mesdames McLaurin et Andrew dans ces postes, nous invitons les chercheurs canadiens \u00e0 postuler au r\u00f4le de coresponsable du th\u00e8me\u00a01 ou 3 pour le restant de la phase\u00a0III (de 2024 \u00e0 2029).<\/p>\n<p>Nous sommes \u00e0 la recherche de personnes ayant d\u00e9montr\u00e9 leur impact et leur leadership en recherche li\u00e9e \u00e0 la neurod\u00e9g\u00e9n\u00e9rescence. Les candidats int\u00e9ress\u00e9s doivent poss\u00e9der une compr\u00e9hension approfondie du milieu de la recherche au Canada et faire preuve d&rsquo;un esprit de collaboration dans leur travail avec d&rsquo;autres chercheurs, stagiaires, utilisateurs du savoir et membres de la communaut\u00e9.<\/p>\n<p>Le coresponsable collaborera avec madame McLaurin ou madame Andrew, avec un accent sur la promotion de la coh\u00e9sion et de la synergie entre les \u00e9quipes respectives des th\u00e8mes 1 et 3, et le r\u00e9seau du CCNV. En tant que membre du Comit\u00e9 ex\u00e9cutif de la recherche du CCNV, le coresponsable devra \u00e9galement contribuer plus largement au leadership du CCNV.<\/p>\n<p>Nous invitons les chercheurs en d\u00e9but de carri\u00e8re \u00e0 soumettre leur candidature. Pour le th\u00e8me\u00a01, la pr\u00e9f\u00e9rence sera donn\u00e9e aux candidats ayant une expertise en recherche chez l\u2019humain. Pour le th\u00e8me\u00a03, la pr\u00e9f\u00e9rence sera donn\u00e9e aux candidats ayant une expertise en travail avec les donn\u00e9es administratives ou les m\u00e9tadonn\u00e9es.<\/p>\n<p>Vous trouverez ci-joint une description compl\u00e8te des <span style=\"text-decoration: underline;\"><a href=\"https:\/\/ccna-ccnv.ca\/wp-content\/uploads\/2026\/02\/Roles-et-responsabilites-des-responsables-de-theme-du-CCNV.pdf\" target=\"_blank\" rel=\"noopener\">R\u00f4les et responsabilit\u00e9s des responsables de th\u00e8me du CCNV<\/a><\/span><\/p>\n<p>Pour \u00eatre pris en consid\u00e9ration, le candidat int\u00e9ress\u00e9 doit soumettre\u00a0:<\/p>\n<ul>\n<li>une lettre adress\u00e9e au Comit\u00e9 de recrutement d\u00e9crivant son int\u00e9r\u00eat pour le poste de coresponsable du th\u00e8me\u00a01 ou 3, son exp\u00e9rience de leadership pertinente et ce qu\u2019il esp\u00e8re accomplir s\u2019il est s\u00e9lectionn\u00e9;<\/li>\n<li>un exemplaire de son curriculum vitae (CV).<\/li>\n<li>Une ou des lettres de soutien (optionnel). Ces lettres devraient expliquer pourquoi la nomination du candidat serait un avantage pour les th\u00e8mes 1 ou 3, et pour le CCNV en g\u00e9n\u00e9ral.<\/li>\n<\/ul>\n<p>Envoyez votre candidature par courriel \u00e0 Alexandra Sosnowski : asosnowski@research.baycrest.org.<\/p>\n<p><strong>Date limite : 6 mars 2026<\/strong><\/p>\n","protected":false},"excerpt":{"rendered":"<p>Depuis le d\u00e9but de la phase III, le th\u00e8me 1 &#8230;<\/p>\n","protected":false},"author":16,"featured_media":17691,"template":"","meta":{"_acf_changed":false},"categories":[80],"class_list":["post-17728","ccna_news","type-ccna_news","status-publish","has-post-thumbnail","hentry","category-annonces"],"acf":[],"yoast_head":"<!-- This site is optimized with the Yoast SEO plugin v25.8 - https:\/\/yoast.com\/wordpress\/plugins\/seo\/ -->\n<title>Recherche de coresponsables pour les th\u00e8mes 1 et 3 du CCNV - CCNA - CCNV<\/title>\n<meta name=\"robots\" content=\"index, follow, max-snippet:-1, max-image-preview:large, max-video-preview:-1\" \/>\n<link rel=\"canonical\" href=\"https:\/\/ccna-ccnv.ca\/fr\/ccna_nouvelle\/recherche-de-coresponsables-pour-les-themes-1-et-3-du-ccnv\/\" \/>\n<meta property=\"og:locale\" content=\"fr_CA\" \/>\n<meta property=\"og:type\" content=\"article\" \/>\n<meta property=\"og:title\" content=\"Recherche de coresponsables pour les th\u00e8mes 1 et 3 du CCNV - CCNA - CCNV\" \/>\n<meta property=\"og:description\" content=\"Depuis le d\u00e9but de la phase III, le th\u00e8me 1 ...\" \/>\n<meta property=\"og:url\" content=\"https:\/\/ccna-ccnv.ca\/fr\/ccna_nouvelle\/recherche-de-coresponsables-pour-les-themes-1-et-3-du-ccnv\/\" \/>\n<meta property=\"og:site_name\" content=\"CCNA - CCNV\" \/>\n<meta property=\"article:modified_time\" content=\"2026-02-24T18:15:02+00:00\" \/>\n<meta property=\"og:image\" content=\"https:\/\/ccna-ccnv.ca\/wp-content\/uploads\/2026\/01\/Leadership-copy-3.png\" \/>\n\t<meta property=\"og:image:width\" content=\"1200\" \/>\n\t<meta property=\"og:image:height\" content=\"694\" \/>\n\t<meta property=\"og:image:type\" content=\"image\/png\" \/>\n<meta name=\"twitter:card\" content=\"summary_large_image\" \/>\n<meta name=\"twitter:label1\" content=\"Estimation du temps de lecture\" \/>\n\t<meta name=\"twitter:data1\" content=\"2 minutes\" \/>\n<script type=\"application\/ld+json\" class=\"yoast-schema-graph\">{\"@context\":\"https:\/\/schema.org\",\"@graph\":[{\"@type\":\"WebPage\",\"@id\":\"https:\/\/ccna-ccnv.ca\/fr\/ccna_nouvelle\/recherche-de-coresponsables-pour-les-themes-1-et-3-du-ccnv\/\",\"url\":\"https:\/\/ccna-ccnv.ca\/fr\/ccna_nouvelle\/recherche-de-coresponsables-pour-les-themes-1-et-3-du-ccnv\/\",\"name\":\"Recherche de coresponsables pour les th\u00e8mes 1 et 3 du CCNV - CCNA - CCNV\",\"isPartOf\":{\"@id\":\"https:\/\/ccna-ccnv.ca\/fr\/#website\"},\"primaryImageOfPage\":{\"@id\":\"https:\/\/ccna-ccnv.ca\/fr\/ccna_nouvelle\/recherche-de-coresponsables-pour-les-themes-1-et-3-du-ccnv\/#primaryimage\"},\"image\":{\"@id\":\"https:\/\/ccna-ccnv.ca\/fr\/ccna_nouvelle\/recherche-de-coresponsables-pour-les-themes-1-et-3-du-ccnv\/#primaryimage\"},\"thumbnailUrl\":\"https:\/\/ccna-ccnv.ca\/wp-content\/uploads\/2026\/01\/Leadership-copy-3.png\",\"datePublished\":\"2026-01-30T20:36:35+00:00\",\"dateModified\":\"2026-02-24T18:15:02+00:00\",\"breadcrumb\":{\"@id\":\"https:\/\/ccna-ccnv.ca\/fr\/ccna_nouvelle\/recherche-de-coresponsables-pour-les-themes-1-et-3-du-ccnv\/#breadcrumb\"},\"inLanguage\":\"fr-CA\",\"potentialAction\":[{\"@type\":\"ReadAction\",\"target\":[\"https:\/\/ccna-ccnv.ca\/fr\/ccna_nouvelle\/recherche-de-coresponsables-pour-les-themes-1-et-3-du-ccnv\/\"]}]},{\"@type\":\"ImageObject\",\"inLanguage\":\"fr-CA\",\"@id\":\"https:\/\/ccna-ccnv.ca\/fr\/ccna_nouvelle\/recherche-de-coresponsables-pour-les-themes-1-et-3-du-ccnv\/#primaryimage\",\"url\":\"https:\/\/ccna-ccnv.ca\/wp-content\/uploads\/2026\/01\/Leadership-copy-3.png\",\"contentUrl\":\"https:\/\/ccna-ccnv.ca\/wp-content\/uploads\/2026\/01\/Leadership-copy-3.png\",\"width\":1200,\"height\":694},{\"@type\":\"BreadcrumbList\",\"@id\":\"https:\/\/ccna-ccnv.ca\/fr\/ccna_nouvelle\/recherche-de-coresponsables-pour-les-themes-1-et-3-du-ccnv\/#breadcrumb\",\"itemListElement\":[{\"@type\":\"ListItem\",\"position\":1,\"name\":\"Home\",\"item\":\"https:\/\/ccna-ccnv.ca\/fr\/\"},{\"@type\":\"ListItem\",\"position\":2,\"name\":\"Recherche de coresponsables pour les th\u00e8mes 1 et 3 du CCNV\"}]},{\"@type\":\"WebSite\",\"@id\":\"https:\/\/ccna-ccnv.ca\/fr\/#website\",\"url\":\"https:\/\/ccna-ccnv.ca\/fr\/\",\"name\":\"Canadian Consortium on Neurodegeneration in Aging\",\"description\":\"\",\"publisher\":{\"@id\":\"https:\/\/ccna-ccnv.ca\/fr\/#organization\"},\"alternateName\":\"CCNA - CCNV\",\"potentialAction\":[{\"@type\":\"SearchAction\",\"target\":{\"@type\":\"EntryPoint\",\"urlTemplate\":\"https:\/\/ccna-ccnv.ca\/fr\/?s={search_term_string}\"},\"query-input\":{\"@type\":\"PropertyValueSpecification\",\"valueRequired\":true,\"valueName\":\"search_term_string\"}}],\"inLanguage\":\"fr-CA\"},{\"@type\":\"Organization\",\"@id\":\"https:\/\/ccna-ccnv.ca\/fr\/#organization\",\"name\":\"Canadian Consortium on Neurodegeneration in Aging\",\"alternateName\":\"CCNA - CCNV\",\"url\":\"https:\/\/ccna-ccnv.ca\/fr\/\",\"logo\":{\"@type\":\"ImageObject\",\"inLanguage\":\"fr-CA\",\"@id\":\"https:\/\/ccna-ccnv.ca\/fr\/#\/schema\/logo\/image\/\",\"url\":\"https:\/\/ccna-ccnv.ca\/wp-content\/uploads\/2025\/01\/ccna-logo-on-white-background.jpg\",\"contentUrl\":\"https:\/\/ccna-ccnv.ca\/wp-content\/uploads\/2025\/01\/ccna-logo-on-white-background.jpg\",\"width\":696,\"height\":696,\"caption\":\"Canadian Consortium on Neurodegeneration in Aging\"},\"image\":{\"@id\":\"https:\/\/ccna-ccnv.ca\/fr\/#\/schema\/logo\/image\/\"}}]}<\/script>\n<!-- \/ Yoast SEO plugin. -->","yoast_head_json":{"title":"Recherche de coresponsables pour les th\u00e8mes 1 et 3 du CCNV - CCNA - CCNV","robots":{"index":"index","follow":"follow","max-snippet":"max-snippet:-1","max-image-preview":"max-image-preview:large","max-video-preview":"max-video-preview:-1"},"canonical":"https:\/\/ccna-ccnv.ca\/fr\/ccna_nouvelle\/recherche-de-coresponsables-pour-les-themes-1-et-3-du-ccnv\/","og_locale":"fr_CA","og_type":"article","og_title":"Recherche de coresponsables pour les th\u00e8mes 1 et 3 du CCNV - CCNA - CCNV","og_description":"Depuis le d\u00e9but de la phase III, le th\u00e8me 1 ...","og_url":"https:\/\/ccna-ccnv.ca\/fr\/ccna_nouvelle\/recherche-de-coresponsables-pour-les-themes-1-et-3-du-ccnv\/","og_site_name":"CCNA - CCNV","article_modified_time":"2026-02-24T18:15:02+00:00","og_image":[{"width":1200,"height":694,"url":"https:\/\/ccna-ccnv.ca\/wp-content\/uploads\/2026\/01\/Leadership-copy-3.png","type":"image\/png"}],"twitter_card":"summary_large_image","twitter_misc":{"Estimation du temps de lecture":"2 minutes"},"schema":{"@context":"https:\/\/schema.org","@graph":[{"@type":"WebPage","@id":"https:\/\/ccna-ccnv.ca\/fr\/ccna_nouvelle\/recherche-de-coresponsables-pour-les-themes-1-et-3-du-ccnv\/","url":"https:\/\/ccna-ccnv.ca\/fr\/ccna_nouvelle\/recherche-de-coresponsables-pour-les-themes-1-et-3-du-ccnv\/","name":"Recherche de coresponsables pour les th\u00e8mes 1 et 3 du CCNV - CCNA - CCNV","isPartOf":{"@id":"https:\/\/ccna-ccnv.ca\/fr\/#website"},"primaryImageOfPage":{"@id":"https:\/\/ccna-ccnv.ca\/fr\/ccna_nouvelle\/recherche-de-coresponsables-pour-les-themes-1-et-3-du-ccnv\/#primaryimage"},"image":{"@id":"https:\/\/ccna-ccnv.ca\/fr\/ccna_nouvelle\/recherche-de-coresponsables-pour-les-themes-1-et-3-du-ccnv\/#primaryimage"},"thumbnailUrl":"https:\/\/ccna-ccnv.ca\/wp-content\/uploads\/2026\/01\/Leadership-copy-3.png","datePublished":"2026-01-30T20:36:35+00:00","dateModified":"2026-02-24T18:15:02+00:00","breadcrumb":{"@id":"https:\/\/ccna-ccnv.ca\/fr\/ccna_nouvelle\/recherche-de-coresponsables-pour-les-themes-1-et-3-du-ccnv\/#breadcrumb"},"inLanguage":"fr-CA","potentialAction":[{"@type":"ReadAction","target":["https:\/\/ccna-ccnv.ca\/fr\/ccna_nouvelle\/recherche-de-coresponsables-pour-les-themes-1-et-3-du-ccnv\/"]}]},{"@type":"ImageObject","inLanguage":"fr-CA","@id":"https:\/\/ccna-ccnv.ca\/fr\/ccna_nouvelle\/recherche-de-coresponsables-pour-les-themes-1-et-3-du-ccnv\/#primaryimage","url":"https:\/\/ccna-ccnv.ca\/wp-content\/uploads\/2026\/01\/Leadership-copy-3.png","contentUrl":"https:\/\/ccna-ccnv.ca\/wp-content\/uploads\/2026\/01\/Leadership-copy-3.png","width":1200,"height":694},{"@type":"BreadcrumbList","@id":"https:\/\/ccna-ccnv.ca\/fr\/ccna_nouvelle\/recherche-de-coresponsables-pour-les-themes-1-et-3-du-ccnv\/#breadcrumb","itemListElement":[{"@type":"ListItem","position":1,"name":"Home","item":"https:\/\/ccna-ccnv.ca\/fr\/"},{"@type":"ListItem","position":2,"name":"Recherche de coresponsables pour les th\u00e8mes 1 et 3 du CCNV"}]},{"@type":"WebSite","@id":"https:\/\/ccna-ccnv.ca\/fr\/#website","url":"https:\/\/ccna-ccnv.ca\/fr\/","name":"Canadian Consortium on Neurodegeneration in Aging","description":"","publisher":{"@id":"https:\/\/ccna-ccnv.ca\/fr\/#organization"},"alternateName":"CCNA - CCNV","potentialAction":[{"@type":"SearchAction","target":{"@type":"EntryPoint","urlTemplate":"https:\/\/ccna-ccnv.ca\/fr\/?s={search_term_string}"},"query-input":{"@type":"PropertyValueSpecification","valueRequired":true,"valueName":"search_term_string"}}],"inLanguage":"fr-CA"},{"@type":"Organization","@id":"https:\/\/ccna-ccnv.ca\/fr\/#organization","name":"Canadian Consortium on Neurodegeneration in Aging","alternateName":"CCNA - CCNV","url":"https:\/\/ccna-ccnv.ca\/fr\/","logo":{"@type":"ImageObject","inLanguage":"fr-CA","@id":"https:\/\/ccna-ccnv.ca\/fr\/#\/schema\/logo\/image\/","url":"https:\/\/ccna-ccnv.ca\/wp-content\/uploads\/2025\/01\/ccna-logo-on-white-background.jpg","contentUrl":"https:\/\/ccna-ccnv.ca\/wp-content\/uploads\/2025\/01\/ccna-logo-on-white-background.jpg","width":696,"height":696,"caption":"Canadian Consortium on Neurodegeneration in Aging"},"image":{"@id":"https:\/\/ccna-ccnv.ca\/fr\/#\/schema\/logo\/image\/"}}]}},"_links":{"self":[{"href":"https:\/\/ccna-ccnv.ca\/fr\/wp-json\/wp\/v2\/ccna_news\/17728","targetHints":{"allow":["GET"]}}],"collection":[{"href":"https:\/\/ccna-ccnv.ca\/fr\/wp-json\/wp\/v2\/ccna_news"}],"about":[{"href":"https:\/\/ccna-ccnv.ca\/fr\/wp-json\/wp\/v2\/types\/ccna_news"}],"author":[{"embeddable":true,"href":"https:\/\/ccna-ccnv.ca\/fr\/wp-json\/wp\/v2\/users\/16"}],"wp:featuredmedia":[{"embeddable":true,"href":"https:\/\/ccna-ccnv.ca\/fr\/wp-json\/wp\/v2\/media\/17691"}],"wp:attachment":[{"href":"https:\/\/ccna-ccnv.ca\/fr\/wp-json\/wp\/v2\/media?parent=17728"}],"wp:term":[{"taxonomy":"category","embeddable":true,"href":"https:\/\/ccna-ccnv.ca\/fr\/wp-json\/wp\/v2\/categories?post=17728"}],"curies":[{"name":"wp","href":"https:\/\/api.w.org\/{rel}","templated":true}]}}