{"id":7704,"date":"2018-04-20T15:25:29","date_gmt":"2018-04-20T19:25:29","guid":{"rendered":"https:\/\/ccna-ccnv.ca\/ccna_news\/les-equipes-de-soins-primaires-ameliorer-le-systeme-de-sante-pour-les-canadiens-vivant-avec-une-demence\/"},"modified":"2025-01-31T13:11:09","modified_gmt":"2025-01-31T18:11:09","slug":"les-equipes-de-soins-primaires-ameliorer-le-systeme-de-sante-pour-les-canadiens-vivant-avec-une-demence","status":"publish","type":"ccna_news","link":"https:\/\/ccna-ccnv.ca\/fr\/ccna_nouvelle\/les-equipes-de-soins-primaires-ameliorer-le-systeme-de-sante-pour-les-canadiens-vivant-avec-une-demence\/","title":{"rendered":"Les \u00e9quipes de soins primaires\u00a0: am\u00e9liorer le syst\u00e8me de sant\u00e9 pour les Canadiens vivant avec une d\u00e9mence \u00a0"},"content":{"rendered":"<h2><em>Cet article a \u00e9t\u00e9 r\u00e9dig\u00e9 par Nadia\u00a0Sourial, blogueuse invit\u00e9e et stagiaire du CCNV sous la supervision de la D<sup>re<\/sup> Isabelle\u00a0Vedel.<\/em><\/h2>\n<p>&nbsp;<\/p>\n<p>La population canadienne vieillit, et le nombre de personnes vivant avec la maladie d\u2019Alzheimer doublera . Les cons\u00e9quences pour les personnes vivant avec cette maladie, leurs aidants, leur famille, le syst\u00e8me de soins de sant\u00e9 et l\u2019\u00e9conomie seront consid\u00e9rables; on s\u2019attend \u00e0 ce que le co\u00fbt des soins de sant\u00e9 s\u2019\u00e9l\u00e8ve \u00e0 <a href=\"http:\/\/alzheimer.ca\/sites\/default\/files\/Files\/national\/Advocacy\/ASC_Rising_Tide_Full_Report_f.pdf\" target=\"_blank\" rel=\"noopener\">150\u00a0milliards de dollars<\/a>.<\/p>\n<p>&nbsp;<\/p>\n<p>Lors de la conf\u00e9rence mondiale sur la d\u00e9mence de 2015, la directrice g\u00e9n\u00e9rale sortante de l\u2019Organisation mondiale de la Sant\u00e9 (OMS), la D<sup>re<\/sup>\u00a0Margaret\u00a0Chan, a indiqu\u00e9 qu\u2019elle ne pouvait penser \u00e0 aucune autre maladie pour laquelle l\u2019innovation, notamment les perc\u00e9es scientifiques pour concevoir un traitement curatif, \u00e9tait aussi cruciale. Depuis, l\u2019OMS a reconnu la d\u00e9mence comme constituant l\u2019une des plus grandes crises mondiales de sant\u00e9 publique du XXI<sup>e<\/sup>\u00a0si\u00e8cle.<\/p>\n<p>&nbsp;<\/p>\n<p>Pour r\u00e9pondre \u00e0 l\u2019appel \u00e0 l\u2019action de l\u2019OMS, les gouvernements provinciaux du Canada ont mis en \u0153uvre des r\u00e9formes ayant pour objectif de fournir de meilleurs soins aux personnes vivant avec la maladie d\u2019Alzheimer et d\u2019autres maladies complexes. Essentiellement, ces r\u00e9formes ont autoris\u00e9 les m\u00e9decins de famille \u00e0 diagnostiquer, \u00e0 traiter et \u00e0 prendre en charge la maladie d\u2019Alzheimer. Ces am\u00e9liorations de la pratique pourront, on l\u2019esp\u00e8re, all\u00e9ger le fardeau que la maladie impose au syst\u00e8me de soins de sant\u00e9 canadien en r\u00e9duisant le nombre de patients vivant avec la maladie d\u2019Alzheimer admis aux services d\u2019urgence, dans les h\u00f4pitaux et dans les \u00e9tablissements de soins de longue dur\u00e9e.<\/p>\n<p>&nbsp;<\/p>\n<blockquote><p>Ces r\u00e9formes financ\u00e9es par les fonds publics sont en place depuis plus de dix ans dans de nombreuses provinces, mais on ne sait toujours pas si les changements apport\u00e9s ont port\u00e9 fruit.<\/p><\/blockquote>\n<p>&nbsp;<\/p>\n<p>Notre \u00e9tude, qui est men\u00e9e dans le cadre des activit\u00e9s du <a href=\"http:\/\/www.ccna-ccnv.ca\/fr\" target=\"_blank\" rel=\"noopener\">Consortium canadien en neurod\u00e9g\u00e9n\u00e9rescence associ\u00e9e au vieillissement<\/a> (CCNV), fournira ces renseignements essentiels. Nous examinons l\u2019incidence de ces r\u00e9formes en analysant des donn\u00e9es gouvernementales sur la sant\u00e9 de tous les patients vivant avec la maladie d\u2019Alzheimer recueillies en Ontario, au Qu\u00e9bec et au Nouveau-Brunswick pendant les 15\u00a0derni\u00e8res ann\u00e9es. Comme ces sources de m\u00e9gadonn\u00e9es portent sur plus de deux tiers des Canadiens atteints de la maladie d\u2019Alzheimer, elles nous permettront d\u2019\u00e9tudier les tendances en mati\u00e8re de soins et d\u2019utilisation des ressources de sant\u00e9 observ\u00e9es avant et apr\u00e8s la mise en \u0153uvre des r\u00e9formes \u00e0 l\u2019\u00e9chelle de la population.<\/p>\n<p>&nbsp;<\/p>\n<p>Pour mesurer ces tendances, notre \u00e9quipe a \u00e9labor\u00e9 une liste de pr\u00e8s de 60\u00a0indicateurs de rendement comprenant, entre autres, le nombre de patients ayant acc\u00e8s \u00e0 un m\u00e9decin de famille, le nombre de r\u00e9admissions \u00e0 l\u2019h\u00f4pital dans les 30\u00a0jours de l\u2019obtention d\u2019un cong\u00e9, le nombre de patients qui ont re\u00e7u d\u2019un m\u00e9decin de famille une ordonnance pour un m\u00e9dicament contre l\u2019Alzheimer ainsi que l\u2019acc\u00e8s aux soins et au d\u00e9c\u00e8s \u00e0 domicile. Ces indicateurs ont \u00e9t\u00e9 \u00e9valu\u00e9s en fonction de la litt\u00e9rature et des commentaires re\u00e7us de plusieurs intervenants, tels que la Soci\u00e9t\u00e9 Alzheimer du Canada, des repr\u00e9sentants des gouvernements, des gestionnaires et des cliniciens.<\/p>\n<p>&nbsp;<\/p>\n<p>En plus de d\u00e9crire ces tendances, nous aurons recours \u00e0 des mod\u00e8les statistiques novateurs pour d\u00e9terminer si un plus grand nombre de personnes re\u00e7oivent un diagnostic de maladie d\u2019Alzheimer d\u2019un m\u00e9decin de famille et sont suivies par celui-ci. Ces constats permettront de montrer si les soins de sant\u00e9 primaires prennent r\u00e9ellement en charge les patients vivant avec la maladie d\u2019Alzheimer depuis la mise en \u0153uvre des r\u00e9formes. Nous d\u00e9terminerons \u00e9galement si les r\u00e9formes ont eu pour r\u00e9sultat de diminuer le nombre de visites aux services d\u2019urgence, d\u2019admissions \u00e0 l\u2019h\u00f4pital et d\u2019autres services de soins de sant\u00e9 qui sont n\u00e9cessaires aux personnes vivant avec la maladie d\u2019Alzheimer.<\/p>\n<p>&nbsp;<\/p>\n<blockquote><p>Dans leur ensemble, les r\u00e9sultats de notre \u00e9tude indiqueront aux repr\u00e9sentants provinciaux de la sant\u00e9, aux chercheurs et aux groupes consultatifs sur la maladie d\u2019Alzheimer, les aspects efficaces des r\u00e9formes dans les diff\u00e9rentes provinces, ainsi que ce qui doit encore \u00eatre am\u00e9lior\u00e9. Notre \u00e9tude aidera le Qu\u00e9bec, l\u2019Ontario, le Nouveau-Brunswick et, ultimement, le reste du Canada \u00e0 disposer d\u2019un syst\u00e8me de soins de sant\u00e9 durable et efficace, capable de r\u00e9pondre aux besoins des personnes et des familles vivant avec la maladie d\u2019Alzheimer afin de leur donner, en fin de compte, une meilleure qualit\u00e9 de vie, de meilleurs services et de meilleurs soins.<\/p><\/blockquote>\n<p>&nbsp;<\/p>\n<p><em>Pour en savoir plus au sujet de ce projet, veuillez consulter la toute nouvelle <a href=\"http:\/\/ccna-ccnv.ca\/fr\/theme-3-qualite-de-vie\/equipe-19\/\" target=\"_blank\" rel=\"noopener\">page Web de l\u2019\u00e9quipe no\u00a019<\/a> ou communiquer directement avec Nadia \u00e0 l\u2019adresse nadia.sourial@mail.mcgill.ca.<\/em><\/p>\n<p>&nbsp;<\/p>\n<p><em>Les points de vue et les opinions exprim\u00e9s par les blogueurs invit\u00e9s sont ceux des auteurs (chercheurs du CCNV) et ne refl\u00e8tent pas n\u00e9cessairement le point de vue du Consortium canadien en neurod\u00e9g\u00e9n\u00e9rescence associ\u00e9e au vieillissement et de ses organismes partenaires.<\/em><\/p>\n","protected":false},"excerpt":{"rendered":"<p>Cet article a \u00e9t\u00e9 r\u00e9dig\u00e9 par Nadia\u00a0Sourial, blogueuse invit\u00e9e et &#8230;<\/p>\n","protected":false},"author":11,"featured_media":7706,"template":"","meta":{"_acf_changed":false},"categories":[],"class_list":["post-7704","ccna_news","type-ccna_news","status-publish","has-post-thumbnail","hentry"],"acf":[],"yoast_head":"<!-- This site is optimized with the Yoast SEO plugin v25.8 - https:\/\/yoast.com\/wordpress\/plugins\/seo\/ -->\n<title>Les \u00e9quipes de soins primaires\u00a0: am\u00e9liorer le syst\u00e8me de sant\u00e9 pour les Canadiens vivant avec une d\u00e9mence \u00a0 - CCNA - CCNV<\/title>\n<meta name=\"robots\" content=\"index, follow, max-snippet:-1, max-image-preview:large, max-video-preview:-1\" \/>\n<link rel=\"canonical\" href=\"https:\/\/ccna-ccnv.ca\/fr\/ccna_nouvelle\/les-equipes-de-soins-primaires-ameliorer-le-systeme-de-sante-pour-les-canadiens-vivant-avec-une-demence\/\" \/>\n<meta property=\"og:locale\" content=\"fr_CA\" \/>\n<meta property=\"og:type\" content=\"article\" \/>\n<meta property=\"og:title\" content=\"Les \u00e9quipes de soins primaires\u00a0: am\u00e9liorer le syst\u00e8me de sant\u00e9 pour les Canadiens vivant avec une d\u00e9mence \u00a0 - CCNA - CCNV\" \/>\n<meta property=\"og:description\" content=\"Cet article a \u00e9t\u00e9 r\u00e9dig\u00e9 par Nadia\u00a0Sourial, blogueuse invit\u00e9e et ...\" \/>\n<meta property=\"og:url\" content=\"https:\/\/ccna-ccnv.ca\/fr\/ccna_nouvelle\/les-equipes-de-soins-primaires-ameliorer-le-systeme-de-sante-pour-les-canadiens-vivant-avec-une-demence\/\" \/>\n<meta property=\"og:site_name\" content=\"CCNA - CCNV\" \/>\n<meta property=\"article:modified_time\" content=\"2025-01-31T18:11:09+00:00\" \/>\n<meta property=\"og:image\" content=\"https:\/\/ccna-ccnv.ca\/wp-content\/uploads\/2018\/04\/Big-data-healthcare-system.jpg\" \/>\n\t<meta property=\"og:image:width\" content=\"2296\" \/>\n\t<meta property=\"og:image:height\" content=\"1306\" \/>\n\t<meta property=\"og:image:type\" content=\"image\/jpeg\" \/>\n<meta name=\"twitter:card\" content=\"summary_large_image\" \/>\n<meta name=\"twitter:label1\" content=\"Estimation du temps de lecture\" \/>\n\t<meta name=\"twitter:data1\" content=\"5 minutes\" \/>\n<script type=\"application\/ld+json\" class=\"yoast-schema-graph\">{\"@context\":\"https:\/\/schema.org\",\"@graph\":[{\"@type\":\"WebPage\",\"@id\":\"https:\/\/ccna-ccnv.ca\/fr\/ccna_nouvelle\/les-equipes-de-soins-primaires-ameliorer-le-systeme-de-sante-pour-les-canadiens-vivant-avec-une-demence\/\",\"url\":\"https:\/\/ccna-ccnv.ca\/fr\/ccna_nouvelle\/les-equipes-de-soins-primaires-ameliorer-le-systeme-de-sante-pour-les-canadiens-vivant-avec-une-demence\/\",\"name\":\"Les \u00e9quipes de soins primaires\u00a0: am\u00e9liorer le syst\u00e8me de sant\u00e9 pour les Canadiens vivant avec une d\u00e9mence \u00a0 - CCNA - CCNV\",\"isPartOf\":{\"@id\":\"https:\/\/ccna-ccnv.ca\/fr\/#website\"},\"primaryImageOfPage\":{\"@id\":\"https:\/\/ccna-ccnv.ca\/fr\/ccna_nouvelle\/les-equipes-de-soins-primaires-ameliorer-le-systeme-de-sante-pour-les-canadiens-vivant-avec-une-demence\/#primaryimage\"},\"image\":{\"@id\":\"https:\/\/ccna-ccnv.ca\/fr\/ccna_nouvelle\/les-equipes-de-soins-primaires-ameliorer-le-systeme-de-sante-pour-les-canadiens-vivant-avec-une-demence\/#primaryimage\"},\"thumbnailUrl\":\"https:\/\/ccna-ccnv.ca\/wp-content\/uploads\/2018\/04\/Big-data-healthcare-system.jpg\",\"datePublished\":\"2018-04-20T19:25:29+00:00\",\"dateModified\":\"2025-01-31T18:11:09+00:00\",\"breadcrumb\":{\"@id\":\"https:\/\/ccna-ccnv.ca\/fr\/ccna_nouvelle\/les-equipes-de-soins-primaires-ameliorer-le-systeme-de-sante-pour-les-canadiens-vivant-avec-une-demence\/#breadcrumb\"},\"inLanguage\":\"fr-CA\",\"potentialAction\":[{\"@type\":\"ReadAction\",\"target\":[\"https:\/\/ccna-ccnv.ca\/fr\/ccna_nouvelle\/les-equipes-de-soins-primaires-ameliorer-le-systeme-de-sante-pour-les-canadiens-vivant-avec-une-demence\/\"]}]},{\"@type\":\"ImageObject\",\"inLanguage\":\"fr-CA\",\"@id\":\"https:\/\/ccna-ccnv.ca\/fr\/ccna_nouvelle\/les-equipes-de-soins-primaires-ameliorer-le-systeme-de-sante-pour-les-canadiens-vivant-avec-une-demence\/#primaryimage\",\"url\":\"https:\/\/ccna-ccnv.ca\/wp-content\/uploads\/2018\/04\/Big-data-healthcare-system.jpg\",\"contentUrl\":\"https:\/\/ccna-ccnv.ca\/wp-content\/uploads\/2018\/04\/Big-data-healthcare-system.jpg\",\"width\":2296,\"height\":1306,\"caption\":\"Medical technology concept.\"},{\"@type\":\"BreadcrumbList\",\"@id\":\"https:\/\/ccna-ccnv.ca\/fr\/ccna_nouvelle\/les-equipes-de-soins-primaires-ameliorer-le-systeme-de-sante-pour-les-canadiens-vivant-avec-une-demence\/#breadcrumb\",\"itemListElement\":[{\"@type\":\"ListItem\",\"position\":1,\"name\":\"Home\",\"item\":\"https:\/\/ccna-ccnv.ca\/fr\/\"},{\"@type\":\"ListItem\",\"position\":2,\"name\":\"Les \u00e9quipes de soins primaires\u00a0: am\u00e9liorer le syst\u00e8me de sant\u00e9 pour les Canadiens vivant avec une d\u00e9mence \u00a0\"}]},{\"@type\":\"WebSite\",\"@id\":\"https:\/\/ccna-ccnv.ca\/fr\/#website\",\"url\":\"https:\/\/ccna-ccnv.ca\/fr\/\",\"name\":\"Canadian Consortium on Neurodegeneration in Aging\",\"description\":\"\",\"publisher\":{\"@id\":\"https:\/\/ccna-ccnv.ca\/fr\/#organization\"},\"alternateName\":\"CCNA - CCNV\",\"potentialAction\":[{\"@type\":\"SearchAction\",\"target\":{\"@type\":\"EntryPoint\",\"urlTemplate\":\"https:\/\/ccna-ccnv.ca\/fr\/?s={search_term_string}\"},\"query-input\":{\"@type\":\"PropertyValueSpecification\",\"valueRequired\":true,\"valueName\":\"search_term_string\"}}],\"inLanguage\":\"fr-CA\"},{\"@type\":\"Organization\",\"@id\":\"https:\/\/ccna-ccnv.ca\/fr\/#organization\",\"name\":\"Canadian Consortium on Neurodegeneration in Aging\",\"alternateName\":\"CCNA - CCNV\",\"url\":\"https:\/\/ccna-ccnv.ca\/fr\/\",\"logo\":{\"@type\":\"ImageObject\",\"inLanguage\":\"fr-CA\",\"@id\":\"https:\/\/ccna-ccnv.ca\/fr\/#\/schema\/logo\/image\/\",\"url\":\"https:\/\/ccna-ccnv.ca\/wp-content\/uploads\/2025\/01\/ccna-logo-on-white-background.jpg\",\"contentUrl\":\"https:\/\/ccna-ccnv.ca\/wp-content\/uploads\/2025\/01\/ccna-logo-on-white-background.jpg\",\"width\":696,\"height\":696,\"caption\":\"Canadian Consortium on Neurodegeneration in Aging\"},\"image\":{\"@id\":\"https:\/\/ccna-ccnv.ca\/fr\/#\/schema\/logo\/image\/\"}}]}<\/script>\n<!-- \/ Yoast SEO plugin. -->","yoast_head_json":{"title":"Les \u00e9quipes de soins primaires\u00a0: am\u00e9liorer le syst\u00e8me de sant\u00e9 pour les Canadiens vivant avec une d\u00e9mence \u00a0 - CCNA - CCNV","robots":{"index":"index","follow":"follow","max-snippet":"max-snippet:-1","max-image-preview":"max-image-preview:large","max-video-preview":"max-video-preview:-1"},"canonical":"https:\/\/ccna-ccnv.ca\/fr\/ccna_nouvelle\/les-equipes-de-soins-primaires-ameliorer-le-systeme-de-sante-pour-les-canadiens-vivant-avec-une-demence\/","og_locale":"fr_CA","og_type":"article","og_title":"Les \u00e9quipes de soins primaires\u00a0: am\u00e9liorer le syst\u00e8me de sant\u00e9 pour les Canadiens vivant avec une d\u00e9mence \u00a0 - CCNA - CCNV","og_description":"Cet article a \u00e9t\u00e9 r\u00e9dig\u00e9 par Nadia\u00a0Sourial, blogueuse invit\u00e9e et ...","og_url":"https:\/\/ccna-ccnv.ca\/fr\/ccna_nouvelle\/les-equipes-de-soins-primaires-ameliorer-le-systeme-de-sante-pour-les-canadiens-vivant-avec-une-demence\/","og_site_name":"CCNA - CCNV","article_modified_time":"2025-01-31T18:11:09+00:00","og_image":[{"width":2296,"height":1306,"url":"https:\/\/ccna-ccnv.ca\/wp-content\/uploads\/2018\/04\/Big-data-healthcare-system.jpg","type":"image\/jpeg"}],"twitter_card":"summary_large_image","twitter_misc":{"Estimation du temps de lecture":"5 minutes"},"schema":{"@context":"https:\/\/schema.org","@graph":[{"@type":"WebPage","@id":"https:\/\/ccna-ccnv.ca\/fr\/ccna_nouvelle\/les-equipes-de-soins-primaires-ameliorer-le-systeme-de-sante-pour-les-canadiens-vivant-avec-une-demence\/","url":"https:\/\/ccna-ccnv.ca\/fr\/ccna_nouvelle\/les-equipes-de-soins-primaires-ameliorer-le-systeme-de-sante-pour-les-canadiens-vivant-avec-une-demence\/","name":"Les \u00e9quipes de soins primaires\u00a0: am\u00e9liorer le syst\u00e8me de sant\u00e9 pour les Canadiens vivant avec une d\u00e9mence \u00a0 - CCNA - CCNV","isPartOf":{"@id":"https:\/\/ccna-ccnv.ca\/fr\/#website"},"primaryImageOfPage":{"@id":"https:\/\/ccna-ccnv.ca\/fr\/ccna_nouvelle\/les-equipes-de-soins-primaires-ameliorer-le-systeme-de-sante-pour-les-canadiens-vivant-avec-une-demence\/#primaryimage"},"image":{"@id":"https:\/\/ccna-ccnv.ca\/fr\/ccna_nouvelle\/les-equipes-de-soins-primaires-ameliorer-le-systeme-de-sante-pour-les-canadiens-vivant-avec-une-demence\/#primaryimage"},"thumbnailUrl":"https:\/\/ccna-ccnv.ca\/wp-content\/uploads\/2018\/04\/Big-data-healthcare-system.jpg","datePublished":"2018-04-20T19:25:29+00:00","dateModified":"2025-01-31T18:11:09+00:00","breadcrumb":{"@id":"https:\/\/ccna-ccnv.ca\/fr\/ccna_nouvelle\/les-equipes-de-soins-primaires-ameliorer-le-systeme-de-sante-pour-les-canadiens-vivant-avec-une-demence\/#breadcrumb"},"inLanguage":"fr-CA","potentialAction":[{"@type":"ReadAction","target":["https:\/\/ccna-ccnv.ca\/fr\/ccna_nouvelle\/les-equipes-de-soins-primaires-ameliorer-le-systeme-de-sante-pour-les-canadiens-vivant-avec-une-demence\/"]}]},{"@type":"ImageObject","inLanguage":"fr-CA","@id":"https:\/\/ccna-ccnv.ca\/fr\/ccna_nouvelle\/les-equipes-de-soins-primaires-ameliorer-le-systeme-de-sante-pour-les-canadiens-vivant-avec-une-demence\/#primaryimage","url":"https:\/\/ccna-ccnv.ca\/wp-content\/uploads\/2018\/04\/Big-data-healthcare-system.jpg","contentUrl":"https:\/\/ccna-ccnv.ca\/wp-content\/uploads\/2018\/04\/Big-data-healthcare-system.jpg","width":2296,"height":1306,"caption":"Medical technology concept."},{"@type":"BreadcrumbList","@id":"https:\/\/ccna-ccnv.ca\/fr\/ccna_nouvelle\/les-equipes-de-soins-primaires-ameliorer-le-systeme-de-sante-pour-les-canadiens-vivant-avec-une-demence\/#breadcrumb","itemListElement":[{"@type":"ListItem","position":1,"name":"Home","item":"https:\/\/ccna-ccnv.ca\/fr\/"},{"@type":"ListItem","position":2,"name":"Les \u00e9quipes de soins primaires\u00a0: am\u00e9liorer le syst\u00e8me de sant\u00e9 pour les Canadiens vivant avec une d\u00e9mence \u00a0"}]},{"@type":"WebSite","@id":"https:\/\/ccna-ccnv.ca\/fr\/#website","url":"https:\/\/ccna-ccnv.ca\/fr\/","name":"Canadian Consortium on Neurodegeneration in Aging","description":"","publisher":{"@id":"https:\/\/ccna-ccnv.ca\/fr\/#organization"},"alternateName":"CCNA - CCNV","potentialAction":[{"@type":"SearchAction","target":{"@type":"EntryPoint","urlTemplate":"https:\/\/ccna-ccnv.ca\/fr\/?s={search_term_string}"},"query-input":{"@type":"PropertyValueSpecification","valueRequired":true,"valueName":"search_term_string"}}],"inLanguage":"fr-CA"},{"@type":"Organization","@id":"https:\/\/ccna-ccnv.ca\/fr\/#organization","name":"Canadian Consortium on Neurodegeneration in Aging","alternateName":"CCNA - CCNV","url":"https:\/\/ccna-ccnv.ca\/fr\/","logo":{"@type":"ImageObject","inLanguage":"fr-CA","@id":"https:\/\/ccna-ccnv.ca\/fr\/#\/schema\/logo\/image\/","url":"https:\/\/ccna-ccnv.ca\/wp-content\/uploads\/2025\/01\/ccna-logo-on-white-background.jpg","contentUrl":"https:\/\/ccna-ccnv.ca\/wp-content\/uploads\/2025\/01\/ccna-logo-on-white-background.jpg","width":696,"height":696,"caption":"Canadian Consortium on Neurodegeneration in Aging"},"image":{"@id":"https:\/\/ccna-ccnv.ca\/fr\/#\/schema\/logo\/image\/"}}]}},"_links":{"self":[{"href":"https:\/\/ccna-ccnv.ca\/fr\/wp-json\/wp\/v2\/ccna_news\/7704","targetHints":{"allow":["GET"]}}],"collection":[{"href":"https:\/\/ccna-ccnv.ca\/fr\/wp-json\/wp\/v2\/ccna_news"}],"about":[{"href":"https:\/\/ccna-ccnv.ca\/fr\/wp-json\/wp\/v2\/types\/ccna_news"}],"author":[{"embeddable":true,"href":"https:\/\/ccna-ccnv.ca\/fr\/wp-json\/wp\/v2\/users\/11"}],"wp:featuredmedia":[{"embeddable":true,"href":"https:\/\/ccna-ccnv.ca\/fr\/wp-json\/wp\/v2\/media\/7706"}],"wp:attachment":[{"href":"https:\/\/ccna-ccnv.ca\/fr\/wp-json\/wp\/v2\/media?parent=7704"}],"wp:term":[{"taxonomy":"category","embeddable":true,"href":"https:\/\/ccna-ccnv.ca\/fr\/wp-json\/wp\/v2\/categories?post=7704"}],"curies":[{"name":"wp","href":"https:\/\/api.w.org\/{rel}","templated":true}]}}